{"id":2260,"date":"2025-07-14T10:00:19","date_gmt":"2025-07-14T09:00:19","guid":{"rendered":"http:\/\/ks399170.kimsufi.com\/soyezsurpris\/?p=2260"},"modified":"2025-07-21T09:35:34","modified_gmt":"2025-07-21T08:35:34","slug":"les-feux-dartifices-du-14-juillet","status":"publish","type":"post","link":"https:\/\/www.aube-champagne.com\/fr\/les-feux-dartifices-du-14-juillet\/","title":{"rendered":"Les feux d&rsquo;artifices du 14 juillet"},"content":{"rendered":"<div class=\"wpb-content-wrapper\">[vc_row][vc_column][vc_column_text]<span style=\"color: #000000;\">Les feux d&rsquo;artifices sont sans aucun doute les animations favorites des plus petits pour le 14 Juillet. Mais les grands ne sont pas en reste d&rsquo;autant que les feux sont de plus en plus sophistiqu\u00e9s et impressionnants.<br \/>\nCoup d\u2019\u0153il rapide sur le programme des 11, 12, 13 et 14 juillet:<!--more--><\/span><\/p>\n<h2><span class=\"marker\" style=\"color: #000000;\"><strong>Vendredi 11 juillet 2025 :<\/strong><\/span><\/h2>\n<ul>\n<li><strong>LA RIVIERE-DE-CORPS &#8211; <\/strong>rendez-vous\u00a0d\u00e8s 18h sur le stade Buck pour danser, se ravitailler avec des food-trucks + un stand de buvette\/restauration, et s\u2019\u00e9merveiller avec le feu d\u2019artifice qui sera de retour lui aussi<\/li>\n<\/ul>\n<h2><span class=\"marker\" style=\"color: #000000;\"><strong>Samedi 12 juillet 2025 \u00e0 partir de 22h45 :<\/strong><\/span><\/h2>\n<ul>\n<li><strong>CL\u00c9REY &#8211; <\/strong>23h feu d&rsquo;artifice (stade de foot)<\/li>\n<li><strong>ARCIS-SUR-AUBELANDREVILLE &#8211;\u00a0<\/strong><\/li>\n<li><strong>CHAOURCE<\/strong><\/li>\n<li><strong>MONTIGNY-LES-MONTS<\/strong><\/li>\n<li><strong>LES-LOGES-AUX-CH\u00c8VRES<\/strong><\/li>\n<li><strong>CHAMOY<\/strong><\/li>\n<li><strong>SAINT-MARDS-EN-OTHE<\/strong><\/li>\n<li><strong>VERRICOURT<\/strong><\/li>\n<\/ul>\n<h2><span class=\"marker\" style=\"color: #000000;\"><strong>Dimanche 13 juillet 2025\u00a0<\/strong><\/span><\/h2>\n<ul>\n<li><strong>ARCIS-SUR-AUBE &#8211;<\/strong>\u00a0retraite aux flambeaux \u00e0 22h et feu d&rsquo;artifice \u00e0 23h<\/li>\n<li><strong>AUXON &#8211;<\/strong>\u00a0Feu d&rsquo;artifice \u00e0 23h et bal des pompiers<\/li>\n<li><span class=\"marker\"><strong>BAR SUR SEINE<\/strong><\/span>\u00a0&#8211;\u00a0ch\u00e2teau de Val de Seine, feu d&rsquo;artifice bal<\/li>\n<li><strong><span class=\"marker\">BRIENNE-LE-CHATEAU<\/span>\u00a0<\/strong>&#8211; feu d&rsquo;artifice \u00e0 23h<\/li>\n<li><strong>CELLES-SUR-OURCE<\/strong>\u00a0&#8211; retraite aux flambeau et feu d&rsquo;artifice \u00e0 23h<\/li>\n<li><strong>ESSOYES\u00a0<\/strong>&#8211; feu d&rsquo;artifice et bal populaire \u00e0 23h<\/li>\n<li><strong>ESTISSAC<\/strong>\u00a0&#8211; feu d&rsquo;artifice \u00e0 23h depuis le stade Caroline<\/li>\n<li><strong>G\u00c9RAUDOT<\/strong> &#8211;\u00a023h &#8211; feu d&rsquo;artifice sur le lac<\/li>\n<li><strong>MESNIL-SAINT-PERE\u00a0<\/strong>&#8211; 23h feu d&rsquo;artifice sur le lac<\/li>\n<li><strong>DOLANCOURT\/NIGLOLAND \u2013<\/strong>\u00a0feu d\u2019artifice \u00e0 23h<\/li>\n<li><strong>CHAOURCE<\/strong>\u00a0&#8211; animations &#8211; feu d&rsquo;artifice \u00e0 23h suivi du bal des pompiers<\/li>\n<li><strong>SAINT-ANDR\u00c9-LES-VERGERS &#8211;\u00a0<\/strong>Complexe Sportif J. Bianchi retraite aux flambeaux \/ jazz band \/ feu d&rsquo;artifice vers 23h<\/li>\n<li><strong>NOGENT-SUR-SEINE\u00a0<\/strong>&#8211; animations d\u00e8s 19h, retraite aux flambeaux \u00e0 22h, bal populaire \u00e0 22h30 et\u00a0 feu d&rsquo;artifice \u00e0 23h<\/li>\n<li><strong>LES RICEYS\u00a0<\/strong>&#8211; retraite aux flambeaux 21h15 \/ feu d&rsquo;artifice \u00e0 23h \/ bal populaire sous la halle<\/li>\n<li><strong>MERY-SUR-SEINE &#8211;<\/strong>\u00a0retraite aux flambeaux \u00e0 21h30 et feu d&rsquo;artifice \u00e0 23h depuis le bassin du canal<\/li>\n<li><strong>MESGRIGNY\u00a0<\/strong>&#8211; retraite aux flambeaux et feu d&rsquo;artifice \u00e0 23h buvette sur la place de la gare<\/li>\n<li><strong>NEUVILLE-SUR-SEINE\u00a0<\/strong>&#8211; 22h30 retraite aux flambeaux et 23h30 feu d\u2019artifice et bal<\/li>\n<li><strong><span class=\"marker\">ROMILLY-SUR-SEINE<\/span>\u00a0<\/strong>&#8211; 23h feu d&rsquo;artifice et 23h30 bal populaire au Parc de la B\u00e9ch\u00e8re<\/li>\n<li><strong>ROSIERES-PRES-TROYES &#8211;<\/strong>\u00a0animations en apr\u00e8s-midi \/ retraite aux flambeaux \u00e0 21h30 \/ feu d\u2019artifice \u00e0 23h<\/li>\n<li><strong>SAINT-ANDR\u00c9-LES-VERGERS &#8211;\u00a0<\/strong>Retraite aux flambeaux et feu d\u2019artifice \u00e0 23h<\/li>\n<li><strong>VILLENAUXE-LA-GRANDE<\/strong>\u00a0&#8211; retraite aux flambeaux \u00e0 22h et feu d&rsquo;artifice \u00e0 23h<\/li>\n<li><strong>SOULAINE-DHUYS\u00a0<\/strong>&#8211; 22h45 feu d&rsquo;artifice et spectacle pyromusical face \u00e0 l&rsquo;\u00e9glise<\/li>\n<li><strong>TROYES<\/strong> &#8211; animations \u00e0 partir de 18h00 et feu d&rsquo;artifice \u00e0 23h00<\/li>\n<\/ul>\n<h2><span style=\"color: #000000;\"><strong>Lundi 14 juillet 2025<\/strong><\/span><\/h2>\n<ul>\n<li><strong>AIX-VILLEMAUR-PALIS<\/strong> &#8211; 23h &#8211; feu d&rsquo;artirfice \u00e0 l&rsquo;\u00e9tang<\/li>\n<li><strong>LA-CHAPELLE-SAINT-LUC<\/strong> &#8211; animations d\u00e8s 19h \/ feu d&rsquo;artifice \u00e0 23h Rue Neckarbischofsheim<\/li>\n<li><strong>VILLEMAUR-SUR-VANNE<\/strong> &#8211; feu d&rsquo;artifice \u00e0 23h<\/li>\n<li><strong>GY\u00c9-SUR-SEINE<\/strong> &#8211; feu d&rsquo;artifice \u00e0 23h<\/li>\n<li><span class=\"marker\"><strong>PONT-SAINTE-MARIE\u00a0<\/strong><\/span>&#8211; 21h retransmission de la finale de l&rsquo;Euro sur Ecran g\u00e9an \/ 23h feu d&rsquo;artifice (Stade Henri Jacquot)<\/li>\n<li><strong>SAINT-JULIEN-LES-VILLAS<\/strong> &#8211; repas r\u00e9publicain (sur inscription) \u00e0 19h et feu d&rsquo;artifice au parc Grimont \u00e0 23h.<\/li>\n<li><strong>SAINTE-SAVINE<\/strong><span class=\"marker\">\u00a0<\/span>&#8211; animations \u00e0 partir de 21h \/ feu d&rsquo;artifice<\/li>\n<\/ul>\n<p><span style=\"color: #000000;\">Les feux d&rsquo;artifices \u00e9tant susceptibles d&rsquo;\u00eatre annul\u00e9s pour raisons climatiques (pluie, vent violent, s\u00e9cheresse), renseignez-vous aupr\u00e8s de votre office de tourisme.<\/span>[\/vc_column_text][\/vc_column][\/vc_row][vc_row][vc_column][vc_empty_space height=\u00a0\u00bb16px\u00a0\u00bb][vc_separator color=\u00a0\u00bborange\u00a0\u00bb el_width=\u00a0\u00bb30&Prime;][vc_empty_space height=\u00a0\u00bb16px\u00a0\u00bb][vc_column_text]\n<h3 style=\"text-align: center;\">Cela peut vous int\u00e9resser :<\/h3>\n[\/vc_column_text][vc_basic_grid post_type=\u00a0\u00bbpost\u00a0\u00bb max_items=\u00a0\u00bb10&Prime; style=\u00a0\u00bbpagination\u00a0\u00bb items_per_page=\u00a0\u00bb3&Prime; gap=\u00a0\u00bb25&Prime; paging_design=\u00a0\u00bbpagination_rounded\u00a0\u00bb paging_color=\u00a0\u00bbblack\u00a0\u00bb item=\u00a0\u00bb43199&Prime; grid_id=\u00a0\u00bbvc_gid:1752225076989-a344ae86-ed9c-2&Prime; taxonomies=\u00a0\u00bb1429&Prime;][\/vc_column][\/vc_row]\n<\/div>","protected":false},"excerpt":{"rendered":"<p>[vc_row][vc_column][vc_column_text]Les feux d&rsquo;artifices sont sans aucun doute les animations favorites des plus petits pour le 14 Juillet. Mais les grands ne sont pas en reste d&rsquo;autant que les feux sont de plus en plus sophistiqu\u00e9s et impressionnants. Coup d\u2019\u0153il rapide sur le programme des 11,&hellip;  <a href=\"https:\/\/www.aube-champagne.com\/fr\/les-feux-dartifices-du-14-juillet\/\" title=\"Read Les feux d&rsquo;artifices du 14 juillet\">En savoir plus&raquo;<\/a><\/p>\n","protected":false},"author":1,"featured_media":44337,"comment_status":"closed","ping_status":"closed","sticky":false,"template":"","format":"standard","meta":{"footnotes":""},"categories":[2117],"tags":[],"class_list":["post-2260","post","type-post","status-publish","format-standard","has-post-thumbnail","hentry","category-actualites"],"yoast_head":"<!-- This site is optimized with the Yoast SEO plugin v27.4 - https:\/\/yoast.com\/product\/yoast-seo-wordpress\/ -->\n<title>Les feux d&#039;artifices du 14 juillet - Aube Champagne<\/title>\n<meta name=\"description\" content=\"Les feux d&#039;artifices sont sans aucun doute les animations favorites des plus petits pour le 14 Juillet. Mais les grands ne sont pas en reste d&#039;autant que\" \/>\n<meta name=\"robots\" content=\"index, follow, max-snippet:-1, max-image-preview:large, max-video-preview:-1\" \/>\n<link rel=\"canonical\" href=\"https:\/\/www.aube-champagne.com\/fr\/les-feux-dartifices-du-14-juillet\/\" \/>\n<meta property=\"og:locale\" content=\"fr_FR\" \/>\n<meta property=\"og:type\" content=\"article\" \/>\n<meta property=\"og:title\" content=\"Les feux d&#039;artifices du 14 juillet - Aube Champagne\" \/>\n<meta property=\"og:description\" content=\"Les feux d&#039;artifices sont sans aucun doute les animations favorites des plus petits pour le 14 Juillet. Mais les grands ne sont pas en reste d&#039;autant que\" \/>\n<meta property=\"og:url\" content=\"https:\/\/www.aube-champagne.com\/fr\/les-feux-dartifices-du-14-juillet\/\" \/>\n<meta property=\"og:site_name\" content=\"Aube Champagne\" \/>\n<meta property=\"article:publisher\" content=\"https:\/\/www.facebook.com\/aube.champagne\" \/>\n<meta property=\"article:published_time\" content=\"2025-07-14T09:00:19+00:00\" \/>\n<meta property=\"article:modified_time\" content=\"2025-07-21T08:35:34+00:00\" \/>\n<meta property=\"og:image\" content=\"https:\/\/www.aube-champagne.com\/assets\/uploads\/2021\/07\/warren-tobias-6eCiw9uN3VM-unsplash.jpg\" \/>\n\t<meta property=\"og:image:width\" content=\"2048\" \/>\n\t<meta property=\"og:image:height\" content=\"1365\" \/>\n\t<meta property=\"og:image:type\" content=\"image\/jpeg\" \/>\n<meta name=\"author\" content=\"Aube en Champagne\" \/>\n<meta name=\"twitter:card\" content=\"summary_large_image\" \/>\n<meta name=\"twitter:creator\" content=\"@AubeChampagne\" \/>\n<meta name=\"twitter:site\" content=\"@AubeChampagne\" \/>\n<meta name=\"twitter:label1\" content=\"\u00c9crit par\" \/>\n\t<meta name=\"twitter:data1\" content=\"Aube en Champagne\" \/>\n\t<meta name=\"twitter:label2\" content=\"Dur\u00e9e de lecture estim\u00e9e\" \/>\n\t<meta name=\"twitter:data2\" content=\"3 minutes\" \/>\n<script type=\"application\/ld+json\" class=\"yoast-schema-graph\">{\"@context\":\"https:\\\/\\\/schema.org\",\"@graph\":[{\"@type\":\"Article\",\"@id\":\"https:\\\/\\\/www.aube-champagne.com\\\/fr\\\/les-feux-dartifices-du-14-juillet\\\/#article\",\"isPartOf\":{\"@id\":\"https:\\\/\\\/www.aube-champagne.com\\\/fr\\\/les-feux-dartifices-du-14-juillet\\\/\"},\"author\":{\"name\":\"Aube en Champagne\",\"@id\":\"https:\\\/\\\/www.aube-champagne.com\\\/fr\\\/#\\\/schema\\\/person\\\/d105161cb9a333204cf181705d54702b\"},\"headline\":\"Les feux d&rsquo;artifices du 14 juillet\",\"datePublished\":\"2025-07-14T09:00:19+00:00\",\"dateModified\":\"2025-07-21T08:35:34+00:00\",\"mainEntityOfPage\":{\"@id\":\"https:\\\/\\\/www.aube-champagne.com\\\/fr\\\/les-feux-dartifices-du-14-juillet\\\/\"},\"wordCount\":558,\"image\":{\"@id\":\"https:\\\/\\\/www.aube-champagne.com\\\/fr\\\/les-feux-dartifices-du-14-juillet\\\/#primaryimage\"},\"thumbnailUrl\":\"https:\\\/\\\/www.aube-champagne.com\\\/assets\\\/uploads\\\/2021\\\/07\\\/warren-tobias-6eCiw9uN3VM-unsplash.jpg\",\"articleSection\":[\"Actualit\u00e9s\"],\"inLanguage\":\"fr-FR\"},{\"@type\":\"WebPage\",\"@id\":\"https:\\\/\\\/www.aube-champagne.com\\\/fr\\\/les-feux-dartifices-du-14-juillet\\\/\",\"url\":\"https:\\\/\\\/www.aube-champagne.com\\\/fr\\\/les-feux-dartifices-du-14-juillet\\\/\",\"name\":\"Les feux d'artifices du 14 juillet - Aube Champagne\",\"isPartOf\":{\"@id\":\"https:\\\/\\\/www.aube-champagne.com\\\/fr\\\/#website\"},\"primaryImageOfPage\":{\"@id\":\"https:\\\/\\\/www.aube-champagne.com\\\/fr\\\/les-feux-dartifices-du-14-juillet\\\/#primaryimage\"},\"image\":{\"@id\":\"https:\\\/\\\/www.aube-champagne.com\\\/fr\\\/les-feux-dartifices-du-14-juillet\\\/#primaryimage\"},\"thumbnailUrl\":\"https:\\\/\\\/www.aube-champagne.com\\\/assets\\\/uploads\\\/2021\\\/07\\\/warren-tobias-6eCiw9uN3VM-unsplash.jpg\",\"datePublished\":\"2025-07-14T09:00:19+00:00\",\"dateModified\":\"2025-07-21T08:35:34+00:00\",\"author\":{\"@id\":\"https:\\\/\\\/www.aube-champagne.com\\\/fr\\\/#\\\/schema\\\/person\\\/d105161cb9a333204cf181705d54702b\"},\"description\":\"Les feux d'artifices sont sans aucun doute les animations favorites des plus petits pour le 14 Juillet. Mais les grands ne sont pas en reste d'autant que\",\"breadcrumb\":{\"@id\":\"https:\\\/\\\/www.aube-champagne.com\\\/fr\\\/les-feux-dartifices-du-14-juillet\\\/#breadcrumb\"},\"inLanguage\":\"fr-FR\",\"potentialAction\":[{\"@type\":\"ReadAction\",\"target\":[\"https:\\\/\\\/www.aube-champagne.com\\\/fr\\\/les-feux-dartifices-du-14-juillet\\\/\"]}]},{\"@type\":\"ImageObject\",\"inLanguage\":\"fr-FR\",\"@id\":\"https:\\\/\\\/www.aube-champagne.com\\\/fr\\\/les-feux-dartifices-du-14-juillet\\\/#primaryimage\",\"url\":\"https:\\\/\\\/www.aube-champagne.com\\\/assets\\\/uploads\\\/2021\\\/07\\\/warren-tobias-6eCiw9uN3VM-unsplash.jpg\",\"contentUrl\":\"https:\\\/\\\/www.aube-champagne.com\\\/assets\\\/uploads\\\/2021\\\/07\\\/warren-tobias-6eCiw9uN3VM-unsplash.jpg\",\"width\":2048,\"height\":1365,\"caption\":\"Feux d'artifices\"},{\"@type\":\"BreadcrumbList\",\"@id\":\"https:\\\/\\\/www.aube-champagne.com\\\/fr\\\/les-feux-dartifices-du-14-juillet\\\/#breadcrumb\",\"itemListElement\":[{\"@type\":\"ListItem\",\"position\":1,\"name\":\"Accueil\",\"item\":\"https:\\\/\\\/www.aube-champagne.com\\\/fr\\\/\"},{\"@type\":\"ListItem\",\"position\":2,\"name\":\"Les feux d&rsquo;artifices du 14 juillet\"}]},{\"@type\":\"WebSite\",\"@id\":\"https:\\\/\\\/www.aube-champagne.com\\\/fr\\\/#website\",\"url\":\"https:\\\/\\\/www.aube-champagne.com\\\/fr\\\/\",\"name\":\"Aube Champagne\",\"description\":\"Aube Champagne\",\"potentialAction\":[{\"@type\":\"SearchAction\",\"target\":{\"@type\":\"EntryPoint\",\"urlTemplate\":\"https:\\\/\\\/www.aube-champagne.com\\\/fr\\\/?s={search_term_string}\"},\"query-input\":{\"@type\":\"PropertyValueSpecification\",\"valueRequired\":true,\"valueName\":\"search_term_string\"}}],\"inLanguage\":\"fr-FR\"},{\"@type\":\"Person\",\"@id\":\"https:\\\/\\\/www.aube-champagne.com\\\/fr\\\/#\\\/schema\\\/person\\\/d105161cb9a333204cf181705d54702b\",\"name\":\"Aube en Champagne\",\"image\":{\"@type\":\"ImageObject\",\"inLanguage\":\"fr-FR\",\"@id\":\"https:\\\/\\\/secure.gravatar.com\\\/avatar\\\/67ba43629d84811c2b3880509f16e984f0ff15126c2a9950d3d710df45ffab51?s=96&d=mm&r=g\",\"url\":\"https:\\\/\\\/secure.gravatar.com\\\/avatar\\\/67ba43629d84811c2b3880509f16e984f0ff15126c2a9950d3d710df45ffab51?s=96&d=mm&r=g\",\"contentUrl\":\"https:\\\/\\\/secure.gravatar.com\\\/avatar\\\/67ba43629d84811c2b3880509f16e984f0ff15126c2a9950d3d710df45ffab51?s=96&d=mm&r=g\",\"caption\":\"Aube en Champagne\"},\"url\":\"https:\\\/\\\/www.aube-champagne.com\\\/fr\\\/author\\\/champagne\\\/\"}]}<\/script>\n<!-- \/ Yoast SEO plugin. -->","yoast_head_json":{"title":"Les feux d'artifices du 14 juillet - Aube Champagne","description":"Les feux d'artifices sont sans aucun doute les animations favorites des plus petits pour le 14 Juillet. Mais les grands ne sont pas en reste d'autant que","robots":{"index":"index","follow":"follow","max-snippet":"max-snippet:-1","max-image-preview":"max-image-preview:large","max-video-preview":"max-video-preview:-1"},"canonical":"https:\/\/www.aube-champagne.com\/fr\/les-feux-dartifices-du-14-juillet\/","og_locale":"fr_FR","og_type":"article","og_title":"Les feux d'artifices du 14 juillet - Aube Champagne","og_description":"Les feux d'artifices sont sans aucun doute les animations favorites des plus petits pour le 14 Juillet. Mais les grands ne sont pas en reste d'autant que","og_url":"https:\/\/www.aube-champagne.com\/fr\/les-feux-dartifices-du-14-juillet\/","og_site_name":"Aube Champagne","article_publisher":"https:\/\/www.facebook.com\/aube.champagne","article_published_time":"2025-07-14T09:00:19+00:00","article_modified_time":"2025-07-21T08:35:34+00:00","og_image":[{"width":2048,"height":1365,"url":"https:\/\/www.aube-champagne.com\/assets\/uploads\/2021\/07\/warren-tobias-6eCiw9uN3VM-unsplash.jpg","type":"image\/jpeg"}],"author":"Aube en Champagne","twitter_card":"summary_large_image","twitter_creator":"@AubeChampagne","twitter_site":"@AubeChampagne","twitter_misc":{"\u00c9crit par":"Aube en Champagne","Dur\u00e9e de lecture estim\u00e9e":"3 minutes"},"schema":{"@context":"https:\/\/schema.org","@graph":[{"@type":"Article","@id":"https:\/\/www.aube-champagne.com\/fr\/les-feux-dartifices-du-14-juillet\/#article","isPartOf":{"@id":"https:\/\/www.aube-champagne.com\/fr\/les-feux-dartifices-du-14-juillet\/"},"author":{"name":"Aube en Champagne","@id":"https:\/\/www.aube-champagne.com\/fr\/#\/schema\/person\/d105161cb9a333204cf181705d54702b"},"headline":"Les feux d&rsquo;artifices du 14 juillet","datePublished":"2025-07-14T09:00:19+00:00","dateModified":"2025-07-21T08:35:34+00:00","mainEntityOfPage":{"@id":"https:\/\/www.aube-champagne.com\/fr\/les-feux-dartifices-du-14-juillet\/"},"wordCount":558,"image":{"@id":"https:\/\/www.aube-champagne.com\/fr\/les-feux-dartifices-du-14-juillet\/#primaryimage"},"thumbnailUrl":"https:\/\/www.aube-champagne.com\/assets\/uploads\/2021\/07\/warren-tobias-6eCiw9uN3VM-unsplash.jpg","articleSection":["Actualit\u00e9s"],"inLanguage":"fr-FR"},{"@type":"WebPage","@id":"https:\/\/www.aube-champagne.com\/fr\/les-feux-dartifices-du-14-juillet\/","url":"https:\/\/www.aube-champagne.com\/fr\/les-feux-dartifices-du-14-juillet\/","name":"Les feux d'artifices du 14 juillet - Aube Champagne","isPartOf":{"@id":"https:\/\/www.aube-champagne.com\/fr\/#website"},"primaryImageOfPage":{"@id":"https:\/\/www.aube-champagne.com\/fr\/les-feux-dartifices-du-14-juillet\/#primaryimage"},"image":{"@id":"https:\/\/www.aube-champagne.com\/fr\/les-feux-dartifices-du-14-juillet\/#primaryimage"},"thumbnailUrl":"https:\/\/www.aube-champagne.com\/assets\/uploads\/2021\/07\/warren-tobias-6eCiw9uN3VM-unsplash.jpg","datePublished":"2025-07-14T09:00:19+00:00","dateModified":"2025-07-21T08:35:34+00:00","author":{"@id":"https:\/\/www.aube-champagne.com\/fr\/#\/schema\/person\/d105161cb9a333204cf181705d54702b"},"description":"Les feux d'artifices sont sans aucun doute les animations favorites des plus petits pour le 14 Juillet. Mais les grands ne sont pas en reste d'autant que","breadcrumb":{"@id":"https:\/\/www.aube-champagne.com\/fr\/les-feux-dartifices-du-14-juillet\/#breadcrumb"},"inLanguage":"fr-FR","potentialAction":[{"@type":"ReadAction","target":["https:\/\/www.aube-champagne.com\/fr\/les-feux-dartifices-du-14-juillet\/"]}]},{"@type":"ImageObject","inLanguage":"fr-FR","@id":"https:\/\/www.aube-champagne.com\/fr\/les-feux-dartifices-du-14-juillet\/#primaryimage","url":"https:\/\/www.aube-champagne.com\/assets\/uploads\/2021\/07\/warren-tobias-6eCiw9uN3VM-unsplash.jpg","contentUrl":"https:\/\/www.aube-champagne.com\/assets\/uploads\/2021\/07\/warren-tobias-6eCiw9uN3VM-unsplash.jpg","width":2048,"height":1365,"caption":"Feux d'artifices"},{"@type":"BreadcrumbList","@id":"https:\/\/www.aube-champagne.com\/fr\/les-feux-dartifices-du-14-juillet\/#breadcrumb","itemListElement":[{"@type":"ListItem","position":1,"name":"Accueil","item":"https:\/\/www.aube-champagne.com\/fr\/"},{"@type":"ListItem","position":2,"name":"Les feux d&rsquo;artifices du 14 juillet"}]},{"@type":"WebSite","@id":"https:\/\/www.aube-champagne.com\/fr\/#website","url":"https:\/\/www.aube-champagne.com\/fr\/","name":"Aube Champagne","description":"Aube Champagne","potentialAction":[{"@type":"SearchAction","target":{"@type":"EntryPoint","urlTemplate":"https:\/\/www.aube-champagne.com\/fr\/?s={search_term_string}"},"query-input":{"@type":"PropertyValueSpecification","valueRequired":true,"valueName":"search_term_string"}}],"inLanguage":"fr-FR"},{"@type":"Person","@id":"https:\/\/www.aube-champagne.com\/fr\/#\/schema\/person\/d105161cb9a333204cf181705d54702b","name":"Aube en Champagne","image":{"@type":"ImageObject","inLanguage":"fr-FR","@id":"https:\/\/secure.gravatar.com\/avatar\/67ba43629d84811c2b3880509f16e984f0ff15126c2a9950d3d710df45ffab51?s=96&d=mm&r=g","url":"https:\/\/secure.gravatar.com\/avatar\/67ba43629d84811c2b3880509f16e984f0ff15126c2a9950d3d710df45ffab51?s=96&d=mm&r=g","contentUrl":"https:\/\/secure.gravatar.com\/avatar\/67ba43629d84811c2b3880509f16e984f0ff15126c2a9950d3d710df45ffab51?s=96&d=mm&r=g","caption":"Aube en Champagne"},"url":"https:\/\/www.aube-champagne.com\/fr\/author\/champagne\/"}]}},"publishpress_future_action":{"enabled":false,"date":"2026-05-04 05:00:54","action":"change-status","newStatus":"draft","terms":[],"taxonomy":"category","extraData":[]},"publishpress_future_workflow_manual_trigger":{"enabledWorkflows":[]},"_links":{"self":[{"href":"https:\/\/www.aube-champagne.com\/fr\/wp-json\/wp\/v2\/posts\/2260","targetHints":{"allow":["GET"]}}],"collection":[{"href":"https:\/\/www.aube-champagne.com\/fr\/wp-json\/wp\/v2\/posts"}],"about":[{"href":"https:\/\/www.aube-champagne.com\/fr\/wp-json\/wp\/v2\/types\/post"}],"author":[{"embeddable":true,"href":"https:\/\/www.aube-champagne.com\/fr\/wp-json\/wp\/v2\/users\/1"}],"replies":[{"embeddable":true,"href":"https:\/\/www.aube-champagne.com\/fr\/wp-json\/wp\/v2\/comments?post=2260"}],"version-history":[{"count":9,"href":"https:\/\/www.aube-champagne.com\/fr\/wp-json\/wp\/v2\/posts\/2260\/revisions"}],"predecessor-version":[{"id":89289,"href":"https:\/\/www.aube-champagne.com\/fr\/wp-json\/wp\/v2\/posts\/2260\/revisions\/89289"}],"wp:featuredmedia":[{"embeddable":true,"href":"https:\/\/www.aube-champagne.com\/fr\/wp-json\/wp\/v2\/media\/44337"}],"wp:attachment":[{"href":"https:\/\/www.aube-champagne.com\/fr\/wp-json\/wp\/v2\/media?parent=2260"}],"wp:term":[{"taxonomy":"category","embeddable":true,"href":"https:\/\/www.aube-champagne.com\/fr\/wp-json\/wp\/v2\/categories?post=2260"},{"taxonomy":"post_tag","embeddable":true,"href":"https:\/\/www.aube-champagne.com\/fr\/wp-json\/wp\/v2\/tags?post=2260"}],"curies":[{"name":"wp","href":"https:\/\/api.w.org\/{rel}","templated":true}]}}